{"id":44,"date":"2022-05-22T00:21:01","date_gmt":"2022-05-22T00:21:01","guid":{"rendered":"https:\/\/isocnicaragua.org\/?p=44"},"modified":"2022-05-22T00:21:01","modified_gmt":"2022-05-22T00:21:01","slug":"intercommunity-2017","status":"publish","type":"post","link":"https:\/\/isocnicaragua.org\/?p=44","title":{"rendered":"INTERCOMMUNITY 2017"},"content":{"rendered":"\n<h2 class=\"wp-block-heading\">Estamos juntos en esto.<br>19 de septiembre de 2017<\/h2>\n\n\n\n<h2 class=\"wp-block-heading\"><\/h2>\n\n\n\n<figure class=\"wp-block-image size-full\"><img loading=\"lazy\" decoding=\"async\" width=\"425\" height=\"469\" src=\"https:\/\/isocnicaragua.org\/wp-content\/uploads\/2022\/05\/image-3.png\" alt=\"\" class=\"wp-image-46\" srcset=\"https:\/\/isocnicaragua.org\/wp-content\/uploads\/2022\/05\/image-3.png 425w, https:\/\/isocnicaragua.org\/wp-content\/uploads\/2022\/05\/image-3-272x300.png 272w\" sizes=\"auto, (max-width: 425px) 100vw, 425px\" \/><\/figure>\n\n\n\n<p>Reg\u00edstrese hoy para una edici\u00f3n especial de InterCommunity 2017, nuestra reuni\u00f3n mundial de miembros. En celebraci\u00f3n de nuestro 25 aniversario, tendremos tiempo para mirar hacia atr\u00e1s, para celebrar con nuestra comunidad y mirar hacia el futuro.<\/p>\n\n\n\n<h3 class=\"wp-block-heading\"><strong>Programar<\/strong><\/h3>\n\n\n\n<p>InterCommunity comienza con la presentaci\u00f3n en vivo de la ceremonia de inducci\u00f3n al Sal\u00f3n de la Fama del Internet 2017. En su cuarto a\u00f1o, el Sal\u00f3n de la Fama de Internet celebra a la gente extraordinaria que ayud\u00f3 a hacer de Internet lo que es hoy en d\u00eda. \u00danete a nosotros para saber qui\u00e9n ser\u00e1 reconocido este a\u00f1o.<\/p>\n\n\n\n<p>Despu\u00e9s de la ceremonia, pasaremos el programa InterCommunity a nuestros Nodos Regionales Interactivos en todo el mundo para una animada discusi\u00f3n sobre los factores cr\u00edticos que moldear\u00e1n el futuro Internet. Las conversaciones se centrar\u00e1n en los hallazgos clave de nuestro Informe Global de Internet 2017 que se lanzar\u00e1 a principios de septiembre. \u00danase a la conversaci\u00f3n entre la comunidad desde el nodo regional m\u00e1s cercano o desde cualquier lugar. Todo lo que necesita para participar es una conexi\u00f3n a Internet y una computadora. Queremos escuchar sus puntos de vista sobre lo que podr\u00eda ser el Internet de ma\u00f1ana y c\u00f3mo nuestra comunidad puede tener un impacto positivo.<\/p>\n\n\n\n<p>InterCommunity concluir\u00e1 en Los \u00c1ngeles con una mesa redonda de clausura con expertos en pol\u00edtica p\u00fablica, miembros del Sal\u00f3n de la Fama del Internet y l\u00edderes de Internet de la pr\u00f3xima generaci\u00f3n. Nuestros panelistas compartir\u00e1n sus perspectivas \u00fanicas y discutir\u00e1n c\u00f3mo nuestra comunidad puede avanzar las recomendaciones para el futuro Internet que todos queremos.<\/p>\n\n\n\n<h3 class=\"wp-block-heading\"><strong>Como participar<\/strong><\/h3>\n\n\n\n<p>\u00danete a la reuni\u00f3n desde donde est\u00e9s. Puede participar en l\u00ednea o en persona en un nodo regional interactivo en su \u00e1rea o en uno de los muchos nodos de celebraci\u00f3n del cap\u00edtulo.<\/p>\n\n\n\n<p>Vamos a unirnos para esta ocasi\u00f3n especial y celebrar nuestro trabajo. Juntos podemos #ShapeTomorrow para #thenext25.<\/p>\n","protected":false},"excerpt":{"rendered":"<p>Estamos juntos en esto.19 de septiembre de 2017 Reg\u00edstrese hoy para una edici\u00f3n especial de InterCommunity 2017, nuestra reuni\u00f3n mundial de miembros. En celebraci\u00f3n de nuestro 25 aniversario, tendremos tiempo para mirar hacia atr\u00e1s, para celebrar con nuestra comunidad y mirar hacia el futuro. Programar InterCommunity comienza con la presentaci\u00f3n en vivo de la ceremonia [&hellip;]<\/p>\n","protected":false},"author":1,"featured_media":46,"comment_status":"open","ping_status":"open","sticky":false,"template":"","format":"standard","meta":{"footnotes":""},"categories":[3],"tags":[],"class_list":["post-44","post","type-post","status-publish","format-standard","has-post-thumbnail","hentry","category-actividades"],"_links":{"self":[{"href":"https:\/\/isocnicaragua.org\/index.php?rest_route=\/wp\/v2\/posts\/44","targetHints":{"allow":["GET"]}}],"collection":[{"href":"https:\/\/isocnicaragua.org\/index.php?rest_route=\/wp\/v2\/posts"}],"about":[{"href":"https:\/\/isocnicaragua.org\/index.php?rest_route=\/wp\/v2\/types\/post"}],"author":[{"embeddable":true,"href":"https:\/\/isocnicaragua.org\/index.php?rest_route=\/wp\/v2\/users\/1"}],"replies":[{"embeddable":true,"href":"https:\/\/isocnicaragua.org\/index.php?rest_route=%2Fwp%2Fv2%2Fcomments&post=44"}],"version-history":[{"count":1,"href":"https:\/\/isocnicaragua.org\/index.php?rest_route=\/wp\/v2\/posts\/44\/revisions"}],"predecessor-version":[{"id":47,"href":"https:\/\/isocnicaragua.org\/index.php?rest_route=\/wp\/v2\/posts\/44\/revisions\/47"}],"wp:featuredmedia":[{"embeddable":true,"href":"https:\/\/isocnicaragua.org\/index.php?rest_route=\/wp\/v2\/media\/46"}],"wp:attachment":[{"href":"https:\/\/isocnicaragua.org\/index.php?rest_route=%2Fwp%2Fv2%2Fmedia&parent=44"}],"wp:term":[{"taxonomy":"category","embeddable":true,"href":"https:\/\/isocnicaragua.org\/index.php?rest_route=%2Fwp%2Fv2%2Fcategories&post=44"},{"taxonomy":"post_tag","embeddable":true,"href":"https:\/\/isocnicaragua.org\/index.php?rest_route=%2Fwp%2Fv2%2Ftags&post=44"}],"curies":[{"name":"wp","href":"https:\/\/api.w.org\/{rel}","templated":true}]}}